{"id":2960,"date":"2024-10-22T08:44:44","date_gmt":"2024-10-22T08:44:44","guid":{"rendered":"https:\/\/www.lifefoliage.eu\/?p=2960"},"modified":"2024-10-22T08:44:45","modified_gmt":"2024-10-22T08:44:45","slug":"i-colori-dellautunno","status":"publish","type":"post","link":"https:\/\/www.lifefoliage.eu\/en\/i-colori-dellautunno\/","title":{"rendered":"I COLORI DELL&#8217;AUTUNNO"},"content":{"rendered":"<p>Torre Maggiore con i suoi 1120 m slm \u00e8 la montagna pi\u00f9 alta del comune di Terni ed \u00e8 fin dall\u2019antichit\u00e0 stata un luogo speciale per gli abitanti dell\u2019Umbria meridionale.Per questa domenica di ottobre <a href=\"https:\/\/www.facebook.com\/profile.php?id=100090052643545&amp;__cft__[0]=AZVpSo0yj2CX2plBJX3hCPGjU1-YbpMoi0TUQIunaLhecalD-7mqegUhjYPoAXL4AzwPilXEexaH0VRGJQL58xI53gzNP9hEv8o1Rrz4lP60b1eNL9ghYWCbsv32Ab6Irw4EtpUuDkxiuID0kJ53pbON5xFgBYihDiPNGcY7NZiJ5OeCjDNlfNg1nAQ6eLndris&amp;__tn__=-]K-R\">InterValli<\/a>, in collaborazione del progetto <a href=\"https:\/\/www.facebook.com\/LifeFoliage?__cft__[0]=AZVpSo0yj2CX2plBJX3hCPGjU1-YbpMoi0TUQIunaLhecalD-7mqegUhjYPoAXL4AzwPilXEexaH0VRGJQL58xI53gzNP9hEv8o1Rrz4lP60b1eNL9ghYWCbsv32Ab6Irw4EtpUuDkxiuID0kJ53pbON5xFgBYihDiPNGcY7NZiJ5OeCjDNlfNg1nAQ6eLndris&amp;__tn__=-]K-R\">LIFE Foliage<\/a>, vi offre un trekking naturalistico tra i boschi che si stanno tingendo con i colori dell\u2019autunno, in cui si parler\u00e0 della biodiversit\u00e0 animale e vegetale presente e del rapporto tra uomo e foreste con Francesco Barbarese &#8211; Forestale.Il nostro punto di partenza sar\u00e0 la chiesa di Sant\u2019Erasmo, da qui cammineremo tra boschi sempreverdi di leccio fino a raggiungere la cima di Torre Maggiore e ammirare il foliage offerto da faggi, ornielli e aceri.<\/p>\n\n\n\n<p><strong>INFO UTILI<\/strong><\/p>\n\n\n\n<ul class=\"wp-block-list\"><li>Lunghezza: 10 km<\/li><\/ul>\n\n\n\n<ul class=\"wp-block-list\"><li>Dislivello: 400 m<\/li><\/ul>\n\n\n\n<p>Punto di ritrovo alle ore 09:00 presso il bar Lupetto a Cesi (TR)<\/p>\n\n\n\n<p>Partenza alle ore 09:30 dalla chiesa di sant\u2019Erasmo<\/p>\n\n\n\n<p><strong>Cosa portare:<\/strong><\/p>\n\n\n\n<ul class=\"wp-block-list\"><li> pranzo al sacco, scarpe da trekking,  acqua,  Binocolo e fotocamera (opzionali)<\/li><\/ul>\n\n\n\n<p><strong>COSTI:<\/strong><\/p>\n\n\n\n<p>Tesserati- 15\u20ac<\/p>\n\n\n\n<p>Non tesserati &#8211; 15\u20ac + 10\u20ac di tessera annuale<\/p>\n\n\n\n<p>Per informazioni segui <a href=\"https:\/\/www.facebook.com\/LifeFoliage?__cft__[0]=AZVpSo0yj2CX2plBJX3hCPGjU1-YbpMoi0TUQIunaLhecalD-7mqegUhjYPoAXL4AzwPilXEexaH0VRGJQL58xI53gzNP9hEv8o1Rrz4lP60b1eNL9ghYWCbsv32Ab6Irw4EtpUuDkxiuID0kJ53pbON5xFgBYihDiPNGcY7NZiJ5OeCjDNlfNg1nAQ6eLndris&amp;__tn__=-]K-R\">LIFE Foliage<\/a> sul profilo Facebook!<\/p>\n\n\n\n<figure class=\"wp-block-image size-large\"><img fetchpriority=\"high\" decoding=\"async\" width=\"1024\" height=\"1024\" src=\"https:\/\/www.lifefoliage.eu\/wp-content\/uploads\/2024\/10\/464343113_18298837912206251_19879459716519873_n-1024x1024.jpg\" alt=\"\" class=\"wp-image-2961\" srcset=\"https:\/\/www.lifefoliage.eu\/wp-content\/uploads\/2024\/10\/464343113_18298837912206251_19879459716519873_n-1024x1024.jpg 1024w, https:\/\/www.lifefoliage.eu\/wp-content\/uploads\/2024\/10\/464343113_18298837912206251_19879459716519873_n-300x300.jpg 300w, https:\/\/www.lifefoliage.eu\/wp-content\/uploads\/2024\/10\/464343113_18298837912206251_19879459716519873_n-150x150.jpg 150w, https:\/\/www.lifefoliage.eu\/wp-content\/uploads\/2024\/10\/464343113_18298837912206251_19879459716519873_n-768x768.jpg 768w, https:\/\/www.lifefoliage.eu\/wp-content\/uploads\/2024\/10\/464343113_18298837912206251_19879459716519873_n-12x12.jpg 12w, https:\/\/www.lifefoliage.eu\/wp-content\/uploads\/2024\/10\/464343113_18298837912206251_19879459716519873_n-370x370.jpg 370w, https:\/\/www.lifefoliage.eu\/wp-content\/uploads\/2024\/10\/464343113_18298837912206251_19879459716519873_n-760x760.jpg 760w, https:\/\/www.lifefoliage.eu\/wp-content\/uploads\/2024\/10\/464343113_18298837912206251_19879459716519873_n.jpg 1080w\" sizes=\"(max-width: 1024px) 100vw, 1024px\" \/><\/figure>\n\n\n\n<p><\/p>","protected":false},"excerpt":{"rendered":"<p>Torre Maggiore con i suoi 1120 m slm \u00e8 la montagna pi\u00f9 alta del comune di Terni ed \u00e8 fin dall\u2019antichit\u00e0 stata un luogo speciale per gli abitanti dell\u2019Umbria meridionale.Per questa domenica di ottobre InterValli, in collaborazione del progetto LIFE&hellip;<\/p>","protected":false},"author":2,"featured_media":0,"comment_status":"closed","ping_status":"closed","sticky":false,"template":"","format":"standard","meta":{"footnotes":""},"categories":[61],"tags":[],"class_list":["post-2960","post","type-post","status-publish","format-standard","hentry","category-eventi"],"_links":{"self":[{"href":"https:\/\/www.lifefoliage.eu\/en\/wp-json\/wp\/v2\/posts\/2960","targetHints":{"allow":["GET"]}}],"collection":[{"href":"https:\/\/www.lifefoliage.eu\/en\/wp-json\/wp\/v2\/posts"}],"about":[{"href":"https:\/\/www.lifefoliage.eu\/en\/wp-json\/wp\/v2\/types\/post"}],"author":[{"embeddable":true,"href":"https:\/\/www.lifefoliage.eu\/en\/wp-json\/wp\/v2\/users\/2"}],"replies":[{"embeddable":true,"href":"https:\/\/www.lifefoliage.eu\/en\/wp-json\/wp\/v2\/comments?post=2960"}],"version-history":[{"count":2,"href":"https:\/\/www.lifefoliage.eu\/en\/wp-json\/wp\/v2\/posts\/2960\/revisions"}],"predecessor-version":[{"id":2963,"href":"https:\/\/www.lifefoliage.eu\/en\/wp-json\/wp\/v2\/posts\/2960\/revisions\/2963"}],"wp:attachment":[{"href":"https:\/\/www.lifefoliage.eu\/en\/wp-json\/wp\/v2\/media?parent=2960"}],"wp:term":[{"taxonomy":"category","embeddable":true,"href":"https:\/\/www.lifefoliage.eu\/en\/wp-json\/wp\/v2\/categories?post=2960"},{"taxonomy":"post_tag","embeddable":true,"href":"https:\/\/www.lifefoliage.eu\/en\/wp-json\/wp\/v2\/tags?post=2960"}],"curies":[{"name":"wp","href":"https:\/\/api.w.org\/{rel}","templated":true}]}}